{"id":97501,"date":"2023-07-14T10:49:12","date_gmt":"2023-07-14T08:49:12","guid":{"rendered":"http:\/\/www.sysdil.es.mialias.net\/centro-comercial-la-zenia-bulevar\/"},"modified":"2024-08-27T14:47:53","modified_gmt":"2024-08-27T12:47:53","slug":"centro-comercial-la-zenia-bulevar","status":"publish","type":"post","link":"https:\/\/sysdil.es\/pt-pt\/centro-comercial-la-zenia-bulevar\/","title":{"rendered":"CENTRO COMERCIAL LA ZENIA BULEVARD"},"content":{"rendered":"<div class=\"fusion-fullwidth fullwidth-box fusion-builder-row-1 fusion-flex-container has-pattern-background has-mask-background nonhundred-percent-fullwidth non-hundred-percent-height-scrolling\" style=\"--awb-border-radius-top-left:0px;--awb-border-radius-top-right:0px;--awb-border-radius-bottom-right:0px;--awb-border-radius-bottom-left:0px;--awb-flex-wrap:wrap;\" ><div class=\"fusion-builder-row fusion-row fusion-flex-align-items-stretch fusion-flex-justify-content-center fusion-flex-content-wrap\" style=\"max-width:1378px;margin-left: calc(-4% \/ 2 );margin-right: calc(-4% \/ 2 );\"><div class=\"fusion-layout-column fusion_builder_column fusion-builder-column-0 fusion_builder_column_1_1 1_1 fusion-flex-column\" style=\"--awb-bg-size:cover;--awb-width-large:100%;--awb-margin-top-large:0px;--awb-spacing-right-large:1.92%;--awb-margin-bottom-large:30px;--awb-spacing-left-large:1.92%;--awb-width-medium:100%;--awb-order-medium:0;--awb-spacing-right-medium:1.92%;--awb-spacing-left-medium:1.92%;--awb-width-small:100%;--awb-order-small:0;--awb-spacing-right-small:1.92%;--awb-spacing-left-small:1.92%;\" data-scroll-devices=\"small-visibility,medium-visibility,large-visibility\"><div class=\"fusion-column-wrapper fusion-column-has-shadow fusion-flex-justify-content-flex-start fusion-content-layout-column\"><div class=\"fusion-text fusion-text-1\"><p><strong>Solu\u00e7\u00f5es Antifurto<\/strong><\/p>\n<p>CONTAGEM DE PESSOAS 3D WIFI<\/p>\n<p>Instala\u00e7\u00e3o de mais de 40 sensores de contagem de pessoas de \u00faltima gera\u00e7\u00e3o 3D<\/p>\n<\/div><div class=\"awb-gallery-wrapper awb-gallery-wrapper-1 button-span-no\" style=\"--more-btn-alignment:center;\" data-limit=\"10\" data-page=\"1\"><div style=\"margin:-5px;--awb-bordersize:0px;\" class=\"fusion-gallery fusion-gallery-container fusion-grid-4 fusion-columns-total-4 fusion-gallery-layout-grid fusion-gallery-1\"><div style=\"padding:5px;\" class=\"fusion-grid-column fusion-gallery-column fusion-gallery-column-4 hover-type-none\"><div class=\"fusion-gallery-image\"><a href=\"https:\/\/sysdil.es\/wp-content\/uploads\/2023\/07\/20180823_102513-scaled-1.webp\" rel=\"noreferrer\" data-rel=\"iLightbox[gallery_image_1]\" class=\"fusion-lightbox\" target=\"_self\"><img decoding=\"async\" src=\"https:\/\/sysdil.es\/wp-content\/uploads\/2023\/07\/20180823_102513-scaled-1-320x202.webp\" width=\"320\" height=\"202\" alt=\"CENTRO COMERCIAL LA ZENIA BULEVAR\" title=\"20180823_102513-scaled-1\" aria-label=\"20180823_102513-scaled-1\" class=\"img-responsive wp-image-97021 fusion-gallery-image-size-fixed\" srcset=\"https:\/\/sysdil.es\/wp-content\/uploads\/2023\/07\/20180823_102513-scaled-1-320x202.webp 320w, https:\/\/sysdil.es\/wp-content\/uploads\/2023\/07\/20180823_102513-scaled-1-700x441.webp 700w\" sizes=\"(max-width: 320px) 100vw, 320px\" \/><\/a><\/div><\/div><div style=\"padding:5px;\" class=\"fusion-grid-column fusion-gallery-column fusion-gallery-column-4 hover-type-none\"><div class=\"fusion-gallery-image\"><a href=\"https:\/\/sysdil.es\/wp-content\/uploads\/2023\/07\/20170802_132635.webp\" rel=\"noreferrer\" data-rel=\"iLightbox[gallery_image_1]\" class=\"fusion-lightbox\" target=\"_self\"><img decoding=\"async\" src=\"https:\/\/sysdil.es\/wp-content\/uploads\/2023\/07\/20170802_132635-320x202.webp\" width=\"320\" height=\"202\" alt=\"CENTRO COMERCIAL LA ZENIA BULEVAR\" title=\"20170802_132635\" aria-label=\"20170802_132635\" class=\"img-responsive wp-image-97023 fusion-gallery-image-size-fixed\"  \/><\/a><\/div><\/div><div style=\"padding:5px;\" class=\"fusion-grid-column fusion-gallery-column fusion-gallery-column-4 hover-type-none\"><div class=\"fusion-gallery-image\"><a href=\"https:\/\/sysdil.es\/wp-content\/uploads\/2023\/07\/entrada-la-zenia.webp\" rel=\"noreferrer\" data-rel=\"iLightbox[gallery_image_1]\" class=\"fusion-lightbox\" target=\"_self\"><img decoding=\"async\" src=\"https:\/\/sysdil.es\/wp-content\/uploads\/2023\/07\/entrada-la-zenia-320x202.webp\" width=\"320\" height=\"202\" alt=\"CENTRO COMERCIAL LA ZENIA BULEVAR\" title=\"entrada-la-zenia\" aria-label=\"entrada-la-zenia\" class=\"img-responsive wp-image-97025 fusion-gallery-image-size-fixed\" srcset=\"https:\/\/sysdil.es\/wp-content\/uploads\/2023\/07\/entrada-la-zenia-320x202.webp 320w, https:\/\/sysdil.es\/wp-content\/uploads\/2023\/07\/entrada-la-zenia-700x441.webp 700w\" sizes=\"(max-width: 320px) 100vw, 320px\" \/><\/a><\/div><\/div><div style=\"padding:5px;\" class=\"fusion-grid-column fusion-gallery-column fusion-gallery-column-4 hover-type-none\"><div class=\"fusion-gallery-image\"><a href=\"https:\/\/sysdil.es\/wp-content\/uploads\/2023\/07\/20170802_140736-1.webp\" rel=\"noreferrer\" data-rel=\"iLightbox[gallery_image_1]\" class=\"fusion-lightbox\" target=\"_self\"><img decoding=\"async\" src=\"https:\/\/sysdil.es\/wp-content\/uploads\/2023\/07\/20170802_140736-1-320x202.webp\" width=\"320\" height=\"202\" alt=\"CENTRO COMERCIAL LA ZENIA BULEVAR\" title=\"20170802_140736-1\" aria-label=\"20170802_140736-1\" class=\"img-responsive wp-image-97027 fusion-gallery-image-size-fixed\"  \/><\/a><\/div><\/div><div class=\"clearfix\"><\/div><\/div><\/div><\/div><\/div><div class=\"fusion-layout-column fusion_builder_column fusion-builder-column-1 fusion_builder_column_5_6 5_6 fusion-flex-column\" style=\"--awb-padding-top:20px;--awb-padding-right:20px;--awb-padding-bottom:20px;--awb-padding-left:20px;--awb-bg-color:#f3f2f4;--awb-bg-color-hover:#f3f2f4;--awb-bg-size:cover;--awb-border-color:var(--awb-color2);--awb-border-top:1px;--awb-border-right:1px;--awb-border-bottom:1px;--awb-border-style:solid;--awb-width-large:83.333333333333%;--awb-margin-top-large:0px;--awb-spacing-right-large:2.304%;--awb-margin-bottom-large:20px;--awb-spacing-left-large:0px;--awb-width-medium:100%;--awb-order-medium:0;--awb-spacing-right-medium:1.92%;--awb-spacing-left-medium:1.92%;--awb-width-small:100%;--awb-order-small:0;--awb-spacing-right-small:1.92%;--awb-spacing-left-small:1.92%;\" data-scroll-devices=\"small-visibility,medium-visibility,large-visibility\"><div class=\"fusion-column-wrapper fusion-column-has-shadow fusion-flex-justify-content-center fusion-content-layout-column\"><div class=\"fusion-title title fusion-title-1 fusion-title-center fusion-title-text fusion-title-size-paragraph\" style=\"--awb-margin-top-small:0px;--awb-margin-right-small:0px;--awb-margin-bottom-small:20px;--awb-margin-left-small:0px;--awb-sep-color:var(--awb-color5);\"><div class=\"title-sep-container title-sep-container-left\"><div class=\"title-sep sep-single sep-solid\" style=\"border-color:var(--awb-color5);\"><\/div><\/div><span class=\"awb-title-spacer\"><\/span><p class=\"fusion-title-heading title-heading-center title-heading-tag fusion-responsive-typography-calculated\" style=\"margin:0;--fontSize:17;--minFontSize:17;line-height:var(--awb-typography4-line-height);\"><strong>CENTRO COMERCIAL LA ZENIA BULEVAR<\/strong><\/p><span class=\"awb-title-spacer\"><\/span><div class=\"title-sep-container title-sep-container-right\"><div class=\"title-sep sep-single sep-solid\" style=\"border-color:var(--awb-color5);\"><\/div><\/div><\/div><div class=\"fusion-text fusion-text-2\" style=\"--awb-content-alignment:center;\"><p>Instala\u00e7\u00e3o de mais de 40 sensores de contagem de pessoas de \u00faltima gera\u00e7\u00e3o 3D<\/p>\n<\/div><\/div><\/div><\/div><\/div>\n","protected":false},"excerpt":{"rendered":"","protected":false},"author":1,"featured_media":97026,"comment_status":"closed","ping_status":"closed","sticky":false,"template":"","format":"standard","meta":{"footnotes":""},"categories":[179,67],"tags":[223],"class_list":["post-97501","post","type-post","status-publish","format-standard","has-post-thumbnail","hentry","category-centros-comerciais","category-contagem-de-pessoas","tag-alicante-pt-pt"],"_links":{"self":[{"href":"https:\/\/sysdil.es\/pt-pt\/wp-json\/wp\/v2\/posts\/97501","targetHints":{"allow":["GET"]}}],"collection":[{"href":"https:\/\/sysdil.es\/pt-pt\/wp-json\/wp\/v2\/posts"}],"about":[{"href":"https:\/\/sysdil.es\/pt-pt\/wp-json\/wp\/v2\/types\/post"}],"author":[{"embeddable":true,"href":"https:\/\/sysdil.es\/pt-pt\/wp-json\/wp\/v2\/users\/1"}],"replies":[{"embeddable":true,"href":"https:\/\/sysdil.es\/pt-pt\/wp-json\/wp\/v2\/comments?post=97501"}],"version-history":[{"count":3,"href":"https:\/\/sysdil.es\/pt-pt\/wp-json\/wp\/v2\/posts\/97501\/revisions"}],"predecessor-version":[{"id":97505,"href":"https:\/\/sysdil.es\/pt-pt\/wp-json\/wp\/v2\/posts\/97501\/revisions\/97505"}],"wp:featuredmedia":[{"embeddable":true,"href":"https:\/\/sysdil.es\/pt-pt\/wp-json\/wp\/v2\/media\/97026"}],"wp:attachment":[{"href":"https:\/\/sysdil.es\/pt-pt\/wp-json\/wp\/v2\/media?parent=97501"}],"wp:term":[{"taxonomy":"category","embeddable":true,"href":"https:\/\/sysdil.es\/pt-pt\/wp-json\/wp\/v2\/categories?post=97501"},{"taxonomy":"post_tag","embeddable":true,"href":"https:\/\/sysdil.es\/pt-pt\/wp-json\/wp\/v2\/tags?post=97501"}],"curies":[{"name":"wp","href":"https:\/\/api.w.org\/{rel}","templated":true}]}}